{"id":438,"date":"2019-03-15T17:25:23","date_gmt":"2019-03-15T15:25:23","guid":{"rendered":"https:\/\/www.oanalianu.ro\/?p=438"},"modified":"2019-03-16T17:57:38","modified_gmt":"2019-03-16T15:57:38","slug":"cariera-universitara","status":"publish","type":"post","link":"https:\/\/www.oanalianu.ro\/ro\/cariera-universitara\/","title":{"rendered":"Cariera universitara"},"content":{"rendered":"<p>[et_pb_section bb_built=&#8221;1&#8243; fullwidth=&#8221;on&#8221; _builder_version=&#8221;3.20.2&#8243; next_background_color=&#8221;#000000&#8243;][et_pb_fullwidth_image src=&#8221;https:\/\/www.oanalianu.ro\/wp-content\/uploads\/2019\/03\/banner-2-1.jpg&#8221; _builder_version=&#8221;3.21&#8243;]<\/p>\n<p>[\/et_pb_fullwidth_image][\/et_pb_section][et_pb_section bb_built=&#8221;1&#8243; _builder_version=&#8221;3.0.47&#8243; prev_background_color=&#8221;#000000&#8243; next_background_color=&#8221;#000000&#8243;][et_pb_row _builder_version=&#8221;3.0.48&#8243; background_size=&#8221;initial&#8221; background_position=&#8221;top_left&#8221; background_repeat=&#8221;repeat&#8221;][et_pb_column type=&#8221;4_4&#8243;][et_pb_post_title meta=&#8221;off&#8221; featured_image=&#8221;off&#8221; _builder_version=&#8221;3.21&#8243; text_orientation=&#8221;center&#8221; custom_css_post_title=&#8221;text-transform: lowercase;&#8221;]<\/p>\n<p>[\/et_pb_post_title][\/et_pb_column][\/et_pb_row][et_pb_row _builder_version=&#8221;3.21&#8243;][et_pb_column type=&#8221;4_4&#8243;][et_pb_text _builder_version=&#8221;3.21&#8243;]<\/p>\n<p style=\"text-align: justify;\">2008 &#8211; pana in prezent &#8211; Conferen\u0163iar universitar, Doctor in muzica<br \/>2009 &#8211; 2010 &#8211; Seful catedrei de Pedagogie muzicala, Universitatea din Oradea <br \/>2006 &#8211; 2008 &#8211; Lector universitar doctor, Catedra de Pedagogie muzical\u0103, Oradea<br \/>2005 &#8211; Doctor \u00een Muzic\u0103, teza &#8221;Naiul \u00eentre tradi\u0163ie \u015fi modernitate&#8221;, Academia de Muzic\u0103 &#8221;Gh.Dima&#8221;<br \/>2001 &#8211; 2005 &#8211; Asistent doctorand, Muzicologie, Academia de Muzic\u0103 &#8221;Gh. Dima&#8221; Cluj-Napoca<br \/>1999 &#8211; 2001 &#8211; Preparator Universitar, Pedagogie muzical\u0103, Universitatea din Oradea <br \/>1994-1999 &#8211; Academia de Muzic\u0103 &#8221;George Dima&#8221; Cluj-Napoca<\/p>\n<p>[\/et_pb_text][\/et_pb_column][\/et_pb_row][\/et_pb_section][et_pb_section bb_built=&#8221;1&#8243; _builder_version=&#8221;3.21&#8243; custom_padding=&#8221;0px||&#8221; prev_background_color=&#8221;#000000&#8243; next_background_color=&#8221;#000000&#8243; global_module=&#8221;398&#8243;][et_pb_row global_parent=&#8221;398&#8243; _builder_version=&#8221;3.20.2&#8243;][et_pb_column type=&#8221;4_4&#8243;][et_pb_text global_parent=&#8221;398&#8243; _builder_version=&#8221;3.20.2&#8243;]<\/p>\n<h2 style=\"text-align: center;\">aprecieri<\/h2>\n<p>[\/et_pb_text][et_pb_testify global_parent=&#8221;398&#8243; bgcolor=&#8221;rgba(0,0,0,0)&#8221; nav_arrows=&#8221;on&#8221; transition_duration=&#8221;900&#8243; autoplay_duration=&#8221;9000&#8243; _builder_version=&#8221;3.20.2&#8243; body_font=&#8221;||||||||&#8221; body_text_align=&#8221;center&#8221; body_font_size=&#8221;20px&#8221; name_font=&#8221;PT Sans|700|||||||&#8221; name_text_align=&#8221;center&#8221; name_text_color=&#8221;#ac704c&#8221; border_width_all=&#8221;1px&#8221; border_color_all=&#8221;#c7b299&#8243; \/][\/et_pb_column][\/et_pb_row][\/et_pb_section][et_pb_section bb_built=&#8221;1&#8243; _builder_version=&#8221;3.21&#8243; custom_padding=&#8221;0px||&#8221; prev_background_color=&#8221;#000000&#8243; global_module=&#8221;400&#8243;][et_pb_row global_parent=&#8221;400&#8243; _builder_version=&#8221;3.20.2&#8243;][et_pb_column type=&#8221;4_4&#8243;][et_pb_text global_parent=&#8221;400&#8243; _builder_version=&#8221;3.20.2&#8243;]<\/p>\n<h2 style=\"text-align: center;\">discografie<\/h2>\n<p>[\/et_pb_text][\/et_pb_column][\/et_pb_row][\/et_pb_section]<\/p>\n","protected":false},"excerpt":{"rendered":"<p>2008 &#8211; pana in prezent &#8211; Conferen\u0163iar universitar, Doctor in muzica<br \/>\n2009 &#8211; 2010 &#8211; Seful catedrei de Pedagogie muzicala, Universitatea din Oradea<br \/>\n2006 &#8211; 2008 &#8211; Lector universitar doctor, Catedra de Pedagogie muzical\u0103, Oradea<br \/>\n2005 &#8211; Doctor \u00een Muzic\u0103, teza &#8221;Naiul \u00eentre tradi\u0163ie \u015fi modernitate&#8221;,  Academia de Muzic\u0103 &#8221;Gh.Dima&#8221;<br \/>\n2001 &#8211; 2005 &#8211; Asistent doctorand, Muzicologie, Academia de Muzic\u0103 &#8221;Gh. Dima&#8221; Cluj-Napoca<br \/>\n1999 &#8211; 2001 &#8211; Preparator Universitar, Pedagogie muzical\u0103, Universitatea din Oradea<br \/>\n1994-1999 &#8211; Academia de Muzic\u0103 &#8221;George Dima&#8221; Cluj-Napoca<\/p>\n","protected":false},"author":1,"featured_media":0,"comment_status":"open","ping_status":"open","sticky":false,"template":"","format":"standard","meta":{"_et_pb_use_builder":"on","_et_pb_old_content":"","_et_gb_content_width":"","footnotes":""},"categories":[23],"tags":[],"class_list":["post-438","post","type-post","status-publish","format-standard","hentry","category-biografie"],"yoast_head":"<!-- This site is optimized with the Yoast SEO plugin v27.2 - https:\/\/yoast.com\/product\/yoast-seo-wordpress\/ -->\n<title>Cariera universitara - Oana Lianu<\/title>\n<meta name=\"robots\" content=\"index, follow, max-snippet:-1, max-image-preview:large, max-video-preview:-1\" \/>\n<link rel=\"canonical\" href=\"https:\/\/www.oanalianu.ro\/ro\/cariera-universitara\/\" \/>\n<meta property=\"og:locale\" content=\"ro_RO\" \/>\n<meta property=\"og:type\" content=\"article\" \/>\n<meta property=\"og:title\" content=\"Cariera universitara - Oana Lianu\" \/>\n<meta property=\"og:description\" content=\"2008 - pana in prezent - Conferen\u0163iar universitar, Doctor in muzica 2009 - 2010 - Seful catedrei de Pedagogie muzicala, Universitatea din Oradea  2006 - 2008 - Lector universitar doctor, Catedra de Pedagogie muzical\u0103, Oradea 2005 - Doctor \u00een Muzic\u0103, teza &#039;&#039;Naiul \u00eentre tradi\u0163ie \u015fi modernitate&#039;&#039;, Academia de Muzic\u0103 &#039;&#039;Gh.Dima&#039;&#039; 2001 - 2005 - Asistent doctorand, Muzicologie, Academia de Muzic\u0103 &#039;&#039;Gh. Dima&#039;&#039; Cluj-Napoca 1999 - 2001 - Preparator Universitar, Pedagogie muzical\u0103, Universitatea din Oradea  1994-1999 - Academia de Muzic\u0103 &#039;&#039;George Dima&#039;&#039; Cluj-Napoca\" \/>\n<meta property=\"og:url\" content=\"https:\/\/www.oanalianu.ro\/ro\/cariera-universitara\/\" \/>\n<meta property=\"og:site_name\" content=\"Oana Lianu\" \/>\n<meta property=\"article:published_time\" content=\"2019-03-15T15:25:23+00:00\" \/>\n<meta property=\"article:modified_time\" content=\"2019-03-16T15:57:38+00:00\" \/>\n<meta name=\"author\" content=\"olmin\" \/>\n<meta name=\"twitter:card\" content=\"summary_large_image\" \/>\n<meta name=\"twitter:label1\" content=\"Scris de\" \/>\n\t<meta name=\"twitter:data1\" content=\"olmin\" \/>\n\t<meta name=\"twitter:label2\" content=\"Timp estimat pentru citire\" \/>\n\t<meta name=\"twitter:data2\" content=\"2 minute\" \/>\n<script type=\"application\/ld+json\" class=\"yoast-schema-graph\">{\"@context\":\"https:\/\/schema.org\",\"@graph\":[{\"@type\":\"Article\",\"@id\":\"https:\/\/www.oanalianu.ro\/ro\/cariera-universitara\/#article\",\"isPartOf\":{\"@id\":\"https:\/\/www.oanalianu.ro\/ro\/cariera-universitara\/\"},\"author\":{\"name\":\"olmin\",\"@id\":\"https:\/\/www.oanalianu.ro\/ro\/#\/schema\/person\/73496d184ae8a85eff3a237d7b7c3e36\"},\"headline\":\"Cariera universitara\",\"datePublished\":\"2019-03-15T15:25:23+00:00\",\"dateModified\":\"2019-03-16T15:57:38+00:00\",\"mainEntityOfPage\":{\"@id\":\"https:\/\/www.oanalianu.ro\/ro\/cariera-universitara\/\"},\"wordCount\":343,\"commentCount\":0,\"articleSection\":[\"Biografie\"],\"inLanguage\":\"ro-RO\",\"potentialAction\":[{\"@type\":\"CommentAction\",\"name\":\"Comment\",\"target\":[\"https:\/\/www.oanalianu.ro\/ro\/cariera-universitara\/#respond\"]}]},{\"@type\":\"WebPage\",\"@id\":\"https:\/\/www.oanalianu.ro\/ro\/cariera-universitara\/\",\"url\":\"https:\/\/www.oanalianu.ro\/ro\/cariera-universitara\/\",\"name\":\"Cariera universitara - Oana Lianu\",\"isPartOf\":{\"@id\":\"https:\/\/www.oanalianu.ro\/ro\/#website\"},\"datePublished\":\"2019-03-15T15:25:23+00:00\",\"dateModified\":\"2019-03-16T15:57:38+00:00\",\"author\":{\"@id\":\"https:\/\/www.oanalianu.ro\/ro\/#\/schema\/person\/73496d184ae8a85eff3a237d7b7c3e36\"},\"breadcrumb\":{\"@id\":\"https:\/\/www.oanalianu.ro\/ro\/cariera-universitara\/#breadcrumb\"},\"inLanguage\":\"ro-RO\",\"potentialAction\":[{\"@type\":\"ReadAction\",\"target\":[\"https:\/\/www.oanalianu.ro\/ro\/cariera-universitara\/\"]}]},{\"@type\":\"BreadcrumbList\",\"@id\":\"https:\/\/www.oanalianu.ro\/ro\/cariera-universitara\/#breadcrumb\",\"itemListElement\":[{\"@type\":\"ListItem\",\"position\":1,\"name\":\"Home\",\"item\":\"https:\/\/www.oanalianu.ro\/ro\/\"},{\"@type\":\"ListItem\",\"position\":2,\"name\":\"Cariera universitara\"}]},{\"@type\":\"WebSite\",\"@id\":\"https:\/\/www.oanalianu.ro\/ro\/#website\",\"url\":\"https:\/\/www.oanalianu.ro\/ro\/\",\"name\":\"Oana Lianu\",\"description\":\"Site oficial\",\"potentialAction\":[{\"@type\":\"SearchAction\",\"target\":{\"@type\":\"EntryPoint\",\"urlTemplate\":\"https:\/\/www.oanalianu.ro\/ro\/?s={search_term_string}\"},\"query-input\":{\"@type\":\"PropertyValueSpecification\",\"valueRequired\":true,\"valueName\":\"search_term_string\"}}],\"inLanguage\":\"ro-RO\"},{\"@type\":\"Person\",\"@id\":\"https:\/\/www.oanalianu.ro\/ro\/#\/schema\/person\/73496d184ae8a85eff3a237d7b7c3e36\",\"name\":\"olmin\",\"image\":{\"@type\":\"ImageObject\",\"inLanguage\":\"ro-RO\",\"@id\":\"https:\/\/secure.gravatar.com\/avatar\/99c1e0dba0c176fc9c518ae4d24327663fb865f1f630bdf4c4158d26662bf6c2?s=96&d=mm&r=g\",\"url\":\"https:\/\/secure.gravatar.com\/avatar\/99c1e0dba0c176fc9c518ae4d24327663fb865f1f630bdf4c4158d26662bf6c2?s=96&d=mm&r=g\",\"contentUrl\":\"https:\/\/secure.gravatar.com\/avatar\/99c1e0dba0c176fc9c518ae4d24327663fb865f1f630bdf4c4158d26662bf6c2?s=96&d=mm&r=g\",\"caption\":\"olmin\"},\"url\":\"https:\/\/www.oanalianu.ro\/ro\/author\/olmin\/\"}]}<\/script>\n<!-- \/ Yoast SEO plugin. -->","yoast_head_json":{"title":"Cariera universitara - Oana Lianu","robots":{"index":"index","follow":"follow","max-snippet":"max-snippet:-1","max-image-preview":"max-image-preview:large","max-video-preview":"max-video-preview:-1"},"canonical":"https:\/\/www.oanalianu.ro\/ro\/cariera-universitara\/","og_locale":"ro_RO","og_type":"article","og_title":"Cariera universitara - Oana Lianu","og_description":"2008 - pana in prezent - Conferen\u0163iar universitar, Doctor in muzica 2009 - 2010 - Seful catedrei de Pedagogie muzicala, Universitatea din Oradea  2006 - 2008 - Lector universitar doctor, Catedra de Pedagogie muzical\u0103, Oradea 2005 - Doctor \u00een Muzic\u0103, teza ''Naiul \u00eentre tradi\u0163ie \u015fi modernitate'', Academia de Muzic\u0103 ''Gh.Dima'' 2001 - 2005 - Asistent doctorand, Muzicologie, Academia de Muzic\u0103 ''Gh. Dima'' Cluj-Napoca 1999 - 2001 - Preparator Universitar, Pedagogie muzical\u0103, Universitatea din Oradea  1994-1999 - Academia de Muzic\u0103 ''George Dima'' Cluj-Napoca","og_url":"https:\/\/www.oanalianu.ro\/ro\/cariera-universitara\/","og_site_name":"Oana Lianu","article_published_time":"2019-03-15T15:25:23+00:00","article_modified_time":"2019-03-16T15:57:38+00:00","author":"olmin","twitter_card":"summary_large_image","twitter_misc":{"Scris de":"olmin","Timp estimat pentru citire":"2 minute"},"schema":{"@context":"https:\/\/schema.org","@graph":[{"@type":"Article","@id":"https:\/\/www.oanalianu.ro\/ro\/cariera-universitara\/#article","isPartOf":{"@id":"https:\/\/www.oanalianu.ro\/ro\/cariera-universitara\/"},"author":{"name":"olmin","@id":"https:\/\/www.oanalianu.ro\/ro\/#\/schema\/person\/73496d184ae8a85eff3a237d7b7c3e36"},"headline":"Cariera universitara","datePublished":"2019-03-15T15:25:23+00:00","dateModified":"2019-03-16T15:57:38+00:00","mainEntityOfPage":{"@id":"https:\/\/www.oanalianu.ro\/ro\/cariera-universitara\/"},"wordCount":343,"commentCount":0,"articleSection":["Biografie"],"inLanguage":"ro-RO","potentialAction":[{"@type":"CommentAction","name":"Comment","target":["https:\/\/www.oanalianu.ro\/ro\/cariera-universitara\/#respond"]}]},{"@type":"WebPage","@id":"https:\/\/www.oanalianu.ro\/ro\/cariera-universitara\/","url":"https:\/\/www.oanalianu.ro\/ro\/cariera-universitara\/","name":"Cariera universitara - Oana Lianu","isPartOf":{"@id":"https:\/\/www.oanalianu.ro\/ro\/#website"},"datePublished":"2019-03-15T15:25:23+00:00","dateModified":"2019-03-16T15:57:38+00:00","author":{"@id":"https:\/\/www.oanalianu.ro\/ro\/#\/schema\/person\/73496d184ae8a85eff3a237d7b7c3e36"},"breadcrumb":{"@id":"https:\/\/www.oanalianu.ro\/ro\/cariera-universitara\/#breadcrumb"},"inLanguage":"ro-RO","potentialAction":[{"@type":"ReadAction","target":["https:\/\/www.oanalianu.ro\/ro\/cariera-universitara\/"]}]},{"@type":"BreadcrumbList","@id":"https:\/\/www.oanalianu.ro\/ro\/cariera-universitara\/#breadcrumb","itemListElement":[{"@type":"ListItem","position":1,"name":"Home","item":"https:\/\/www.oanalianu.ro\/ro\/"},{"@type":"ListItem","position":2,"name":"Cariera universitara"}]},{"@type":"WebSite","@id":"https:\/\/www.oanalianu.ro\/ro\/#website","url":"https:\/\/www.oanalianu.ro\/ro\/","name":"Oana Lianu","description":"Site oficial","potentialAction":[{"@type":"SearchAction","target":{"@type":"EntryPoint","urlTemplate":"https:\/\/www.oanalianu.ro\/ro\/?s={search_term_string}"},"query-input":{"@type":"PropertyValueSpecification","valueRequired":true,"valueName":"search_term_string"}}],"inLanguage":"ro-RO"},{"@type":"Person","@id":"https:\/\/www.oanalianu.ro\/ro\/#\/schema\/person\/73496d184ae8a85eff3a237d7b7c3e36","name":"olmin","image":{"@type":"ImageObject","inLanguage":"ro-RO","@id":"https:\/\/secure.gravatar.com\/avatar\/99c1e0dba0c176fc9c518ae4d24327663fb865f1f630bdf4c4158d26662bf6c2?s=96&d=mm&r=g","url":"https:\/\/secure.gravatar.com\/avatar\/99c1e0dba0c176fc9c518ae4d24327663fb865f1f630bdf4c4158d26662bf6c2?s=96&d=mm&r=g","contentUrl":"https:\/\/secure.gravatar.com\/avatar\/99c1e0dba0c176fc9c518ae4d24327663fb865f1f630bdf4c4158d26662bf6c2?s=96&d=mm&r=g","caption":"olmin"},"url":"https:\/\/www.oanalianu.ro\/ro\/author\/olmin\/"}]}},"_links":{"self":[{"href":"https:\/\/www.oanalianu.ro\/ro\/wp-json\/wp\/v2\/posts\/438","targetHints":{"allow":["GET"]}}],"collection":[{"href":"https:\/\/www.oanalianu.ro\/ro\/wp-json\/wp\/v2\/posts"}],"about":[{"href":"https:\/\/www.oanalianu.ro\/ro\/wp-json\/wp\/v2\/types\/post"}],"author":[{"embeddable":true,"href":"https:\/\/www.oanalianu.ro\/ro\/wp-json\/wp\/v2\/users\/1"}],"replies":[{"embeddable":true,"href":"https:\/\/www.oanalianu.ro\/ro\/wp-json\/wp\/v2\/comments?post=438"}],"version-history":[{"count":0,"href":"https:\/\/www.oanalianu.ro\/ro\/wp-json\/wp\/v2\/posts\/438\/revisions"}],"wp:attachment":[{"href":"https:\/\/www.oanalianu.ro\/ro\/wp-json\/wp\/v2\/media?parent=438"}],"wp:term":[{"taxonomy":"category","embeddable":true,"href":"https:\/\/www.oanalianu.ro\/ro\/wp-json\/wp\/v2\/categories?post=438"},{"taxonomy":"post_tag","embeddable":true,"href":"https:\/\/www.oanalianu.ro\/ro\/wp-json\/wp\/v2\/tags?post=438"}],"curies":[{"name":"wp","href":"https:\/\/api.w.org\/{rel}","templated":true}]}}